{"id":42770,"date":"2023-12-06T11:03:49","date_gmt":"2023-12-06T16:03:49","guid":{"rendered":"https:\/\/www.fogapi.net\/?p=42770"},"modified":"2025-02-13T10:59:51","modified_gmt":"2025-02-13T15:59:51","slug":"lanzamiento-programa-garantias-ambientales","status":"publish","type":"post","link":"https:\/\/www.fogapi.net\/lanzamiento-programa-garantias-ambientales\/","title":{"rendered":"FOGAPI lanz\u00f3 su nuevo Programa de Garant\u00edas Ambientales"},"content":{"rendered":"<p>[et_pb_section fb_built=\u00bb1&#8243; _builder_version=\u00bb4.22.2&#8243; custom_margin=\u00bb-6px||||false|false\u00bb custom_padding=\u00bb0px||||false|false\u00bb global_colors_info=\u00bb{}\u00bb][et_pb_row _builder_version=\u00bb4.22.2&#8243; background_size=\u00bbinitial\u00bb background_position=\u00bbtop_left\u00bb background_repeat=\u00bbrepeat\u00bb global_colors_info=\u00bb{}\u00bb][et_pb_column type=\u00bb4_4&#8243; _builder_version=\u00bb4.16&#8243; custom_padding=\u00bb|||\u00bb global_colors_info=\u00bb{}\u00bb custom_padding__hover=\u00bb|||\u00bb][et_pb_text _builder_version=\u00bb4.22.2&#8243; background_size=\u00bbinitial\u00bb background_position=\u00bbtop_left\u00bb background_repeat=\u00bbrepeat\u00bb custom_padding=\u00bb||1px|||\u00bb hover_enabled=\u00bb0&#8243; global_colors_info=\u00bb{}\u00bb sticky_enabled=\u00bb0&#8243;]<\/p>\n<p style=\"text-align: justify;\">El mi\u00e9rcoles 15 de noviembre, marcamos el inicio de nuestro Programa de Garant\u00edas Ambientales con el respaldo clave de la Secretaria de Estado para Asuntos Econ\u00f3micos de Suiza \u2013 SECO. Este programa tiene como objetivo <strong>impulsar la transformaci\u00f3n hacia una industria m\u00e1s sostenible en el Per\u00fa.<\/strong><\/p>\n<p style=\"text-align: justify;\">El evento congreg\u00f3 a l\u00edderes del sector p\u00fablico, instituciones financieras y asociaciones empresariales. Adem\u00e1s, contamos con la destacada presencia del Sr. Elvis Torreblanca, Director General de Econom\u00eda y Financiamiento Ambiental del Ministerio del Medio Ambiente, quien ofreci\u00f3 una visi\u00f3n integral de las Finanzas Verdes en el Per\u00fa.<\/p>\n<p style=\"text-align: justify;\">Tambi\u00e9n, organizamos un panel moderado por Deuman, abordando el tema de \u00abFinanzas Verdes y las oportunidades para las MYPE: Lecciones aprendidas y desaf\u00edos de las Entidades Especializadas en Microfinanzas\u00bb, con la participaci\u00f3n de representantes de Caja Arequipa, Caja Municipal Ica, Financiera Confianza S.A.A, Asomif Per\u00fa y FEPCMAC.<\/p>\n<p style=\"text-align: justify;\">El Programa de Garant\u00edas tiene como meta principal impulsar la adopci\u00f3n de pr\u00e1cticas de producci\u00f3n m\u00e1s sostenibles en Per\u00fa, centr\u00e1ndose en la mitigaci\u00f3n de Gases de Efecto Invernadero (GEI). Se busca <strong>estimular a las Micro y Peque\u00f1as Empresas (MYPEs) para que inviertan en tecnolog\u00edas verdes<\/strong> con el fin de:<\/p>\n<p style=\"text-align: justify;\"><strong>1.<\/strong> Potenciar su productividad,<\/p>\n<p style=\"text-align: justify;\"><strong>2.<\/strong> Optimizar la eficiencia en el uso de recursos y su desempe\u00f1o ambiental,<\/p>\n<p style=\"text-align: justify;\"><strong>3.<\/strong> Reducir las emisiones de GEI y\/o<\/p>\n<p style=\"text-align: justify;\"><strong>4.<\/strong> Fortalecer las capacidades adaptativas de las MYPES ante los impactos f\u00edsicos derivados del cambio clim\u00e1tico.<\/p>\n<p style=\"text-align: justify;\"><span style=\"color: #333333;\">Si deseas obtener m\u00e1s informaci\u00f3n sobre este innovador Programa de Garant\u00edas, te invitamos a visitar el siguiente enlace: (<span style=\"color: #0a0a0a;\"><a style=\"color: #0a0a0a;\" href=\"https:\/\/lnkd.in\/d4Wnj-MQ\" target=\"_new\" rel=\"noopener\"><span style=\"color: #000000;\">https:\/\/<\/span><span style=\"color: #1c1c1c;\">lnkd<\/span><span style=\"color: #000000;\">.in\/d4Wnj-MQ<\/span><\/a>)<\/span><\/span><\/p>\n<p>[\/et_pb_text][\/et_pb_column][\/et_pb_row][et_pb_row _builder_version=\u00bb4.22.2&#8243; _module_preset=\u00bbdefault\u00bb][et_pb_column _builder_version=\u00bb4.22.2&#8243; _module_preset=\u00bbdefault\u00bb type=\u00bb4_4&#8243;][et_pb_gallery _builder_version=\u00bb4.22.2&#8243; _module_preset=\u00bbdefault\u00bb gallery_ids=\u00bb42807,42808,42809,42810,42811,42812,42813,42814,42815,42816,42817&#8243; hover_enabled=\u00bb0&#8243; sticky_enabled=\u00bb0&#8243; gallery_orderby=\u00bbrand\u00bb fullwidth=\u00bbon\u00bb text_orientation=\u00bbcenter\u00bb pagination_text_align=\u00bbcenter\u00bb][\/et_pb_gallery][\/et_pb_column][\/et_pb_row][\/et_pb_section]<\/p>\n","protected":false},"excerpt":{"rendered":"<p>El mi\u00e9rcoles 15 de noviembre, marcamos el inicio de&#8230;<\/p>\n","protected":false},"author":5,"featured_media":42812,"comment_status":"closed","ping_status":"open","sticky":false,"template":"","format":"standard","meta":{"_et_pb_use_builder":"on","_et_pb_old_content":"<p>Con el af\u00e1n de garantizar los derechos de las personas en condici\u00f3n de vulnerabilidad el ministro Daniel Maurate Romero resalt\u00f3 que las gestiones del Consejo de Supervigilancia de Fundaciones viene articulando para que las fundaciones con mayor solvencia brinden apoyo a las que lo requieren.<\/p><p>Este anuncio se dio en la supervisi\u00f3n a la fundaci\u00f3n Opus Cordi Iesu la cual atiende a pacientes con par\u00e1lisis cerebral y discapacidad donde las fundaciones Corporaci\u00f3n R\u00fastica, Fogapi y Luis Dyer e Hijos entregaron camas cl\u00ednicas y sillas de ruedas ortop\u00e9dicas.<\/p><p>Finalmente, el ministro Maurate se dirigi\u00f3 tambi\u00e9n a las fundaciones y a las madres voluntarias. \"Tenemos que construir una sociedad sana e incluyente. El acto de compartir, de dar tiempo y recursos es el m\u00e1s noble\", se\u00f1al\u00f3.<\/p>","_et_gb_content_width":"","footnotes":""},"categories":[1],"tags":[],"class_list":["post-42770","post","type-post","status-publish","format-standard","has-post-thumbnail","hentry","category-de-interes"],"_links":{"self":[{"href":"https:\/\/www.fogapi.net\/wp-json\/wp\/v2\/posts\/42770","targetHints":{"allow":["GET"]}}],"collection":[{"href":"https:\/\/www.fogapi.net\/wp-json\/wp\/v2\/posts"}],"about":[{"href":"https:\/\/www.fogapi.net\/wp-json\/wp\/v2\/types\/post"}],"author":[{"embeddable":true,"href":"https:\/\/www.fogapi.net\/wp-json\/wp\/v2\/users\/5"}],"replies":[{"embeddable":true,"href":"https:\/\/www.fogapi.net\/wp-json\/wp\/v2\/comments?post=42770"}],"version-history":[{"count":11,"href":"https:\/\/www.fogapi.net\/wp-json\/wp\/v2\/posts\/42770\/revisions"}],"predecessor-version":[{"id":42820,"href":"https:\/\/www.fogapi.net\/wp-json\/wp\/v2\/posts\/42770\/revisions\/42820"}],"wp:featuredmedia":[{"embeddable":true,"href":"https:\/\/www.fogapi.net\/wp-json\/wp\/v2\/media\/42812"}],"wp:attachment":[{"href":"https:\/\/www.fogapi.net\/wp-json\/wp\/v2\/media?parent=42770"}],"wp:term":[{"taxonomy":"category","embeddable":true,"href":"https:\/\/www.fogapi.net\/wp-json\/wp\/v2\/categories?post=42770"},{"taxonomy":"post_tag","embeddable":true,"href":"https:\/\/www.fogapi.net\/wp-json\/wp\/v2\/tags?post=42770"}],"curies":[{"name":"wp","href":"https:\/\/api.w.org\/{rel}","templated":true}]}}